{"provider_url": "https://www.domingosmartins.es.leg.br", "title": "C\u00e2mara realiza a primeira Tribuna Livre do ano", "html": "<div class=\"xdj266r x14z9mp xat24cr x1lziwak x1vvkbs x126k92a\">\r\n<div dir=\"auto\" style=\"text-align: justify; \">A primeira Tribuna Livre do ano, realizada na tarde da \u00faltima ter\u00e7a-feira (28), por meio de sess\u00e3o especial, teve a participa\u00e7\u00e3o de Elvina de Carvalho Littig, que veio ao Legislativo Municipal falar sobre quest\u00f5es relacionadas ao funcionamento da Unidade de Sa\u00fade de So\u00eddo de Cima.</div>\r\n<div dir=\"auto\" style=\"text-align: justify; \"></div>\r\n</div>\r\n<div class=\"x14z9mp xat24cr x1lziwak x1vvkbs xtlvy1s x126k92a\" style=\"text-align: justify; \">\r\n<div dir=\"auto\">O vice-prefeito Sargento Wagner, a Promotora de Justi\u00e7a de Domingos Martins, Dr\u00aa. Jane Maria Vello Corr\u00eaa de Castro e representantes da comunidade acompanharam os trabalhos em plen\u00e1rio.</div>\r\n<div dir=\"auto\"></div>\r\n</div>\r\n<div class=\"x14z9mp xat24cr x1lziwak x1vvkbs xtlvy1s x126k92a\">\r\n<div dir=\"auto\" style=\"text-align: justify; \">&gt; Assista o v\u00eddeo completo da Tribuna Livre, acesse: <span class=\"html-span xdj266r x14z9mp xat24cr x1lziwak xexx8yu xyri2b x18d9i69 x1c1uobl x1hl2dhg x16tdsg8 x1vvkbs\"><a class=\"x1i10hfl xjbqb8w x1ejq31n x18oe1m7 x1sy0etr xstzfhl x972fbf x10w94by x1qhh985 x14e42zd x9f619 x1ypdohk xt0psk2 x3ct3a4 xdj266r x14z9mp xat24cr x1lziwak xexx8yu xyri2b x18d9i69 x1c1uobl x16tdsg8 x1hl2dhg xggy1nq x1a2a7pz xkrqix3 x1sur9pj x1fey0fg x1s688f\" href=\"https://l.facebook.com/l.php?u=https%3A%2F%2Fwww.youtube.com%2Fwatch%3Fv%3DPkTtXsv-Y34%26fbclid%3DIwZXh0bgNhZW0CMTAAYnJpZBExeE1ZcjN3dkJ6R2sxUmoySnNydGMGYXBwX2lkEDIyMjAzOTE3ODgyMDA4OTIAAR6lqfZhKjSCD2KqbAo1ZKYJx_hEZwP1LzYMHlpCoaDgB5QQI3k8Cc0FjGK0LQ_aem_sSp32uG93bGnKcTgcPdfmQ&amp;h=AUB3lNzt54PM2ouhZ-DblFSqJU9drbBrjR7VT38HifkOfBEkyfbmFSGYgyY0TtHsXdbKXkzgjpWQvE2e8o9mzJ3d6PxPVYlayD1brwOvn3GBIEPrQNZfsaBvv80_YyC31-CCygcXpwbduGd3ftm0URVvmmgA5WtT&amp;__tn__=-UK-R&amp;c[0]=AUBlUahfTULrC5AsZFhDSVYsxiISCkAkf2AILDLWW-NXWeRfqymHiyT2wu5wYk4I2IWa0lNLmYyHpa4mgBruYqxaDm38PUvChUJVU4n1UYd1BrXxsvLRcuy1uEZbcQoNqjmB7t6iMSWfgeBPuPhyVu9CRohReaK7F765JMbfH18DLAXgDvhYtp2g5eRM-lupmK0teTaL48lAYtrxqIN5t-rClw\" rel=\"nofollow noreferrer\" tabindex=\"0\" target=\"_blank\">https://www.youtube.com/watch?v=PkTtXsv-Y34</a></span></div>\r\n<div dir=\"auto\" style=\"text-align: justify; \"><span class=\"html-span xdj266r x14z9mp xat24cr x1lziwak xexx8yu xyri2b x18d9i69 x1c1uobl x1hl2dhg x16tdsg8 x1vvkbs\"><br /></span></div>\r\n<div dir=\"auto\"><span class=\"html-span xdj266r x14z9mp xat24cr x1lziwak xexx8yu xyri2b x18d9i69 x1c1uobl x1hl2dhg x16tdsg8 x1vvkbs\"><br /></span></div>\r\n<div dir=\"auto\"><span class=\"html-span xdj266r x14z9mp xat24cr x1lziwak xexx8yu xyri2b x18d9i69 x1c1uobl x1hl2dhg x16tdsg8 x1vvkbs\"><strong><em>Assessoria de Comunica\u00e7\u00e3o - CMDM/ES</em></strong><br /><strong><em>comunicacao@camaradomingosmartins.es.gov.br</em></strong><br /><strong><em>Tel: (27) 4042-4849\u00a0</em></strong></span></div>\r\n</div>", "author_name": "", "version": "1.0", "author_url": "https://www.domingosmartins.es.leg.br/author/esiccmdm", "provider_name": "C\u00e2mara de Domingos Martins", "type": "rich"}