{"provider_url": "https://www.domingosmartins.es.leg.br", "title": "C\u00e2mara Municipal sem expediente na pr\u00f3xima ter\u00e7a-feira (20)", "html": "<p style=\"text-align: justify; \">N\u00e3o haver\u00e1 expediente de trabalho na C\u00e2mara de Domingos Martins na pr\u00f3xima segunda-feira (20), em virtude do feriado dedicado aos dias de S\u00e3o Sebasti\u00e3o e da Penit\u00eancia.</p>\r\n<p style=\"text-align: justify; \">Institu\u00eddo por meio da\u00a0<a class=\"external-link\" href=\"https://sapl.domingosmartins.es.leg.br/media/sapl/public/normajuridica/1972/781/781_texto_integral.html\" target=\"_blank\" title=\"\">Lei Municipal n\u00ba 531/72</a>, o feriado faz alus\u00e3o ao dia em que cat\u00f3licos de Santa Isabel e luteranos de Campinho se penitenciavam, por meio de jejum e ora\u00e7\u00f5es, em favor de centenas de imigrantes do munic\u00edpio v\u00edtimas do surto de febre amarela que assolou Domingos Martins, principalmente no s\u00e9culo XIX. As v\u00edtimas fatais foram sepultadas pela \u00faltima vez nesta mesma data, no ano de 1895.</p>\r\n<p style=\"text-align: justify; \">O Legislativo Martinense funcionar\u00e1 normalmente na segunda-feira (19), das 8h \u00e0s 17h.</p>\r\n<p style=\"text-align: justify; \">\u00a0</p>\r\n<p style=\"text-align: justify; \"><strong><em>Assessoria de Comunica\u00e7\u00e3o - CMDM/ES</em></strong><br /><strong><em>comunicacao@camaradomingosmartins.es.gov.br</em></strong><br /><strong><em>Tel: (27) 4042-4849\u00a0</em></strong></p>", "author_name": "", "version": "1.0", "author_url": "https://www.domingosmartins.es.leg.br/author/esiccmdm", "provider_name": "C\u00e2mara de Domingos Martins", "type": "rich"}