{"provider_url": "https://www.domingosmartins.es.leg.br", "title": "10\u00aa Sess\u00e3o Ordin\u00e1ria: resumo e resultados das vota\u00e7\u00f5es", "html": "<p style=\"text-align: justify; \">A C\u00e2mara de Domingos Martins realizou na noite de ontem (25) a 10\u00aa sess\u00e3o ordin\u00e1ria do ano, para a delibera\u00e7\u00e3o das mat\u00e9rias do dia.</p>\r\n<p style=\"text-align: justify; \">No total, foram lidas 3 Indica\u00e7\u00f5es e 7 Mo\u00e7\u00f5es e votados e aprovados 3 Projetos de Lei, 9 Projetos de Decreto Legislativo, 2 projetos de Resolu\u00e7\u00e3o e 4 Requerimentos.</p>\r\n<p style=\"text-align: justify; \">A reuni\u00e3o plen\u00e1ria foi ilustrada com v\u00e1rias homenagens, por meio de Mo\u00e7\u00f5es de Aplausos de autoria das vereadoras J\u00e9ssica Aguiar Barcelos, vice-presidente da Casa, e Lorraine da AMAR.</p>\r\n<p style=\"text-align: justify; \"><strong>- Homenageados pela vereadora J\u00e9ssica:</strong> profissionais da Secretaria Municipal de Sa\u00fade e os m\u00e9dicos Dr. Iran Guimar\u00e3es de Azevedo (in memoriam) e Dr. Manoel de Oliveira Barcelos (in memoriam), em reconhecimento aos trabalhos que realizaram na linha de frente de combate ao COVID-19, agindo com destreza e bravura durante a pandemia em prol da sa\u00fade da popula\u00e7\u00e3o de Domingos Martins.</p>\r\n<p style=\"text-align: justify; \"><strong>- Homenageados pela vereadora Lorraine:</strong> professora Lilia Jonat Stein, pastor Anivaldo Kuhn e Celso Kalk (in memoriam), em alus\u00e3o ao Dia do Imigrante Pomerano, que \u00e9 comemorado no 28 de junho, e Hilda Braun e Joel Guilherme Velten, pelo anivers\u00e1rio de 200 anos da Imigra\u00e7\u00e3o Alem\u00e3 no Brasil, que ser\u00e1 celebrado no pr\u00f3ximo dia 25 de julho.</p>\r\n<p style=\"text-align: justify; \">O vereador J\u00falio Pequi\u00e1, por sua vez, parabenizou o jovem Ezequiel Lahass Bullerjahn, campe\u00e3o da 2\u00aa etapa da Liga Carioca de Downhill, pelo esfor\u00e7o e dedica\u00e7\u00e3o ao esporte e por representar e divulgar o munic\u00edpio de Domingos Martins em n\u00edvel nacional.</p>\r\n<p style=\"text-align: justify; \">&gt; Para visualizar o resumo completo da sess\u00e3o, os resultados das vota\u00e7\u00f5es,\u00a0<span>clique <strong><a class=\"external-link\" href=\"https://sapl.domingosmartins.es.leg.br/sessao/365\" target=\"_self\" title=\"\">AQUI</a></strong>.</span>\u00a0 \u00a0 \u00a0 \u00a0 \u00a0 \u00a0</p>\r\n<p style=\"text-align: justify; \">&gt; V\u00eddeo da sess\u00e3o, com todos os detalhes das homenagens, clique <strong><a class=\"external-link\" href=\"https://www.youtube.com/watch?v=8pLz0PyQt_4\" target=\"_self\" title=\"\">AQUI</a></strong>.\u00a0 \u00a0</p>\r\n<p style=\"text-align: justify; \">\u00a0</p>\r\n<p style=\"text-align: justify; \"><strong><em>Assessoria de Comunica\u00e7\u00e3o - CMDM/ES</em></strong><br /><strong><em>comunicacao@camaradomingosmartins.es.gov.br</em></strong><br /><strong><em>Tel: (27) 4042-4849\u00a0</em></strong></p>", "author_name": "", "version": "1.0", "author_url": "https://www.domingosmartins.es.leg.br/author/jorge", "provider_name": "C\u00e2mara de Domingos Martins", "type": "rich"}